{"id":517,"date":"2024-09-19T04:43:53","date_gmt":"2024-09-19T04:43:53","guid":{"rendered":"https:\/\/ppdu.org\/ecowasppdu\/?p=517"},"modified":"2024-09-21T10:18:57","modified_gmt":"2024-09-21T10:18:57","slug":"28-29-fevrier-2024-reunion-du-comite-des-experts-du-projet-de-cable-sous-marin-amilcar-cabral","status":"publish","type":"post","link":"https:\/\/ppdu.org\/ecowasppdu\/28-29-fevrier-2024-reunion-du-comite-des-experts-du-projet-de-cable-sous-marin-amilcar-cabral\/","title":{"rendered":"28 \u2013 29 F\u00e9vrier 2024: R\u00e9union du Comit\u00e9 des Experts du projet de c\u00e2ble sous-marin Amilcar Cabral"},"content":{"rendered":"\t\t<div data-elementor-type=\"wp-post\" data-elementor-id=\"517\" class=\"elementor elementor-517\">\n\t\t\t\t<div class=\"elementor-element elementor-element-93db529 e-con-full e-flex e-con e-parent\" data-id=\"93db529\" data-element_type=\"container\" data-e-type=\"container\" data-settings=\"{&quot;ekit_has_onepagescroll_dot&quot;:&quot;yes&quot;}\">\n\t\t<div class=\"elementor-element elementor-element-b75ec46 e-con-full e-flex e-con e-child\" data-id=\"b75ec46\" data-element_type=\"container\" data-e-type=\"container\" data-settings=\"{&quot;ekit_has_onepagescroll_dot&quot;:&quot;yes&quot;}\">\n\t\t\t\t<div class=\"elementor-element elementor-element-979a0b9 elementor-widget elementor-widget-spacer\" data-id=\"979a0b9\" data-element_type=\"widget\" data-e-type=\"widget\" data-settings=\"{&quot;ekit_we_effect_on&quot;:&quot;none&quot;}\" data-widget_type=\"spacer.default\">\n\t\t\t\t<div class=\"elementor-widget-container\">\n\t\t\t\t\t\t\t<div class=\"elementor-spacer\">\n\t\t\t<div class=\"elementor-spacer-inner\"><\/div>\n\t\t<\/div>\n\t\t\t\t\t\t<\/div>\n\t\t\t\t<\/div>\n\t\t\t\t<div class=\"elementor-element elementor-element-3239e87 elementor-widget elementor-widget-image\" data-id=\"3239e87\" data-element_type=\"widget\" data-e-type=\"widget\" data-settings=\"{&quot;ekit_we_effect_on&quot;:&quot;none&quot;}\" data-widget_type=\"image.default\">\n\t\t\t\t<div class=\"elementor-widget-container\">\n\t\t\t\t\t\t\t\t\t\t\t\t\t\t\t<img fetchpriority=\"high\" decoding=\"async\" width=\"870\" height=\"440\" src=\"https:\/\/ppdu.org\/ecowasppdu\/wp-content\/uploads\/2024\/09\/amilcar-cabral-cabo-verde-870x440-2.jpeg\" class=\"attachment-large size-large wp-image-521\" alt=\"\" srcset=\"https:\/\/ppdu.org\/ecowasppdu\/wp-content\/uploads\/2024\/09\/amilcar-cabral-cabo-verde-870x440-2.jpeg 870w, https:\/\/ppdu.org\/ecowasppdu\/wp-content\/uploads\/2024\/09\/amilcar-cabral-cabo-verde-870x440-2-300x152.jpeg 300w, https:\/\/ppdu.org\/ecowasppdu\/wp-content\/uploads\/2024\/09\/amilcar-cabral-cabo-verde-870x440-2-768x388.jpeg 768w\" sizes=\"(max-width: 870px) 100vw, 870px\" \/>\t\t\t\t\t\t\t\t\t\t\t\t\t\t\t<\/div>\n\t\t\t\t<\/div>\n\t\t\t\t<div class=\"elementor-element elementor-element-c852e4e elementor-widget elementor-widget-text-editor\" data-id=\"c852e4e\" data-element_type=\"widget\" data-e-type=\"widget\" data-settings=\"{&quot;ekit_we_effect_on&quot;:&quot;none&quot;}\" data-widget_type=\"text-editor.default\">\n\t\t\t\t<div class=\"elementor-widget-container\">\n\t\t\t\t\t\t\t\t\t<p>Une r\u00e9union du comit\u00e9 des Experts du projet de c\u00e2ble sous-marin Amilcar Cabral s\u2019est tenue du 28 au 29 f\u00e9vrier 2024 \u00e0 Praia, Cap-Vert.<\/p><p>Outre les experts des Etats concern\u00e9s par le projet (Cap-Vert, Guin\u00e9e-Bissau, Gambie, Liberia, Sierra Leone), cette r\u00e9union a connu la participation des repr\u00e9sentants de la Commission de la CEDEAO et du PPDU, des partenaires au d\u00e9veloppement \u00e0 savoir la Banque Mondiale, la BIDC ainsi que des op\u00e9rateurs priv\u00e9s.<\/p>\t\t\t\t\t\t\t\t<\/div>\n\t\t\t\t<\/div>\n\t\t\t\t<\/div>\n\t\t\t\t<\/div>\n\t\t\t\t<\/div>\n\t\t","protected":false},"excerpt":{"rendered":"<p>Une r\u00e9union du comit\u00e9 des Experts du projet de c\u00e2ble sous-marin Amilcar Cabral s\u2019est tenue du 28 au 29 f\u00e9vrier 2024 \u00e0 Praia, Cap-Vert. Outre les experts des Etats concern\u00e9s [&hellip;]<\/p>\n","protected":false},"author":1,"featured_media":521,"comment_status":"closed","ping_status":"closed","sticky":false,"template":"","format":"standard","meta":{"footnotes":""},"categories":[2],"tags":[],"class_list":["post-517","post","type-post","status-publish","format-standard","has-post-thumbnail","hentry","category-actualites","entry","has-media"],"_links":{"self":[{"href":"https:\/\/ppdu.org\/ecowasppdu\/wp-json\/wp\/v2\/posts\/517","targetHints":{"allow":["GET"]}}],"collection":[{"href":"https:\/\/ppdu.org\/ecowasppdu\/wp-json\/wp\/v2\/posts"}],"about":[{"href":"https:\/\/ppdu.org\/ecowasppdu\/wp-json\/wp\/v2\/types\/post"}],"author":[{"embeddable":true,"href":"https:\/\/ppdu.org\/ecowasppdu\/wp-json\/wp\/v2\/users\/1"}],"replies":[{"embeddable":true,"href":"https:\/\/ppdu.org\/ecowasppdu\/wp-json\/wp\/v2\/comments?post=517"}],"version-history":[{"count":5,"href":"https:\/\/ppdu.org\/ecowasppdu\/wp-json\/wp\/v2\/posts\/517\/revisions"}],"predecessor-version":[{"id":948,"href":"https:\/\/ppdu.org\/ecowasppdu\/wp-json\/wp\/v2\/posts\/517\/revisions\/948"}],"wp:featuredmedia":[{"embeddable":true,"href":"https:\/\/ppdu.org\/ecowasppdu\/wp-json\/wp\/v2\/media\/521"}],"wp:attachment":[{"href":"https:\/\/ppdu.org\/ecowasppdu\/wp-json\/wp\/v2\/media?parent=517"}],"wp:term":[{"taxonomy":"category","embeddable":true,"href":"https:\/\/ppdu.org\/ecowasppdu\/wp-json\/wp\/v2\/categories?post=517"},{"taxonomy":"post_tag","embeddable":true,"href":"https:\/\/ppdu.org\/ecowasppdu\/wp-json\/wp\/v2\/tags?post=517"}],"curies":[{"name":"wp","href":"https:\/\/api.w.org\/{rel}","templated":true}]}}