{"id":502,"date":"2024-09-19T04:30:09","date_gmt":"2024-09-19T04:30:09","guid":{"rendered":"https:\/\/ppdu.org\/ecowasppdu\/?p=502"},"modified":"2024-09-21T10:20:51","modified_gmt":"2024-09-21T10:20:51","slug":"30-31-10-2023-reunion-consultative-des-parties-prenantes-sur-le-projet-maritime-regional-sealink","status":"publish","type":"post","link":"https:\/\/ppdu.org\/ecowasppdu\/30-31-10-2023-reunion-consultative-des-parties-prenantes-sur-le-projet-maritime-regional-sealink\/","title":{"rendered":"30 -31\/10\/2023: R\u00e9union Consultative des parties prenantes sur le projet maritime r\u00e9gional SEALINK"},"content":{"rendered":"\t\t<div data-elementor-type=\"wp-post\" data-elementor-id=\"502\" class=\"elementor elementor-502\">\n\t\t\t\t<div class=\"elementor-element elementor-element-3c6035c e-flex e-con-boxed e-con e-parent\" data-id=\"3c6035c\" data-element_type=\"container\" data-e-type=\"container\" data-settings=\"{&quot;ekit_has_onepagescroll_dot&quot;:&quot;yes&quot;}\">\n\t\t\t\t\t<div class=\"e-con-inner\">\n\t\t\t\t<div class=\"elementor-element elementor-element-df7a28a elementor-widget elementor-widget-spacer\" data-id=\"df7a28a\" data-element_type=\"widget\" data-e-type=\"widget\" data-settings=\"{&quot;ekit_we_effect_on&quot;:&quot;none&quot;}\" data-widget_type=\"spacer.default\">\n\t\t\t\t<div class=\"elementor-widget-container\">\n\t\t\t\t\t\t\t<div class=\"elementor-spacer\">\n\t\t\t<div class=\"elementor-spacer-inner\"><\/div>\n\t\t<\/div>\n\t\t\t\t\t\t<\/div>\n\t\t\t\t<\/div>\n\t\t\t\t\t<\/div>\n\t\t\t\t<\/div>\n\t\t<div class=\"elementor-element elementor-element-93db529 e-con-full e-flex e-con e-parent\" data-id=\"93db529\" data-element_type=\"container\" data-e-type=\"container\" data-settings=\"{&quot;ekit_has_onepagescroll_dot&quot;:&quot;yes&quot;}\">\n\t\t<div class=\"elementor-element elementor-element-b75ec46 e-con-full e-flex e-con e-child\" data-id=\"b75ec46\" data-element_type=\"container\" data-e-type=\"container\" data-settings=\"{&quot;ekit_has_onepagescroll_dot&quot;:&quot;yes&quot;}\">\n\t\t\t\t<div class=\"elementor-element elementor-element-979a0b9 elementor-widget elementor-widget-spacer\" data-id=\"979a0b9\" data-element_type=\"widget\" data-e-type=\"widget\" data-settings=\"{&quot;ekit_we_effect_on&quot;:&quot;none&quot;}\" data-widget_type=\"spacer.default\">\n\t\t\t\t<div class=\"elementor-widget-container\">\n\t\t\t\t\t\t\t<div class=\"elementor-spacer\">\n\t\t\t<div class=\"elementor-spacer-inner\"><\/div>\n\t\t<\/div>\n\t\t\t\t\t\t<\/div>\n\t\t\t\t<\/div>\n\t\t\t\t<div class=\"elementor-element elementor-element-3239e87 elementor-widget elementor-widget-image\" data-id=\"3239e87\" data-element_type=\"widget\" data-e-type=\"widget\" data-settings=\"{&quot;ekit_we_effect_on&quot;:&quot;none&quot;}\" data-widget_type=\"image.default\">\n\t\t\t\t<div class=\"elementor-widget-container\">\n\t\t\t\t\t\t\t\t\t\t\t\t\t\t\t<img fetchpriority=\"high\" decoding=\"async\" width=\"870\" height=\"440\" src=\"https:\/\/ppdu.org\/ecowasppdu\/wp-content\/uploads\/2024\/09\/SEALINK-LOME-TOGO-870x440-2.jpeg\" class=\"attachment-large size-large wp-image-504\" alt=\"\" srcset=\"https:\/\/ppdu.org\/ecowasppdu\/wp-content\/uploads\/2024\/09\/SEALINK-LOME-TOGO-870x440-2.jpeg 870w, https:\/\/ppdu.org\/ecowasppdu\/wp-content\/uploads\/2024\/09\/SEALINK-LOME-TOGO-870x440-2-300x152.jpeg 300w, https:\/\/ppdu.org\/ecowasppdu\/wp-content\/uploads\/2024\/09\/SEALINK-LOME-TOGO-870x440-2-768x388.jpeg 768w\" sizes=\"(max-width: 870px) 100vw, 870px\" \/>\t\t\t\t\t\t\t\t\t\t\t\t\t\t\t<\/div>\n\t\t\t\t<\/div>\n\t\t\t\t<div class=\"elementor-element elementor-element-c852e4e elementor-widget elementor-widget-text-editor\" data-id=\"c852e4e\" data-element_type=\"widget\" data-e-type=\"widget\" data-settings=\"{&quot;ekit_we_effect_on&quot;:&quot;none&quot;}\" data-widget_type=\"text-editor.default\">\n\t\t\t\t<div class=\"elementor-widget-container\">\n\t\t\t\t\t\t\t\t\t<p>Tenue les 30 et 31 octobre 2023, la r\u00e9union consultative sur le projet SEALINK a rassembl\u00e9 toutes les parties prenantes du projet afin de le revitaliser et de d\u00e9finir clairement la voie \u00e0 suivre pour progresser. Les objectifs de la r\u00e9union \u00e9taient les suivants :<\/p><ul><li>Cr\u00e9er une compr\u00e9hension commune de l\u2019\u00e9tat de la mise en \u0153uvre du projet au niveau des diff\u00e9rentes parties prenantes du projet.<\/li><li>Se concentrer sur la phase pilote du projet SEALINK : Liaison maritime Dakar \u2013 Praia<\/li><li>Mettre en place un groupe de travail pour coordonner la mise en \u0153uvre du projet.<\/li><li>Aborder les d\u00e9fis li\u00e9s \u00e0 la mise en \u0153uvre du projet et proposer des solutions.<\/li><li>Discuter de la n\u00e9cessit\u00e9 d\u2019actualiser l\u2019\u00e9tude de faisabilit\u00e9 pr\u00e9c\u00e9dente.<\/li><li>D\u00e9terminer un plan d\u2019action pour la mise en \u0153uvre du projet.<\/li><\/ul><p>La r\u00e9union a connu la participation d\u2019experts des minist\u00e8res en charge du transport maritime du Cabo Verde et du S\u00e9n\u00e9gal, des repr\u00e9sentants de la Commission de la CEDEAO, d\u2019institutions r\u00e9gionales et de partenaires financiers.<\/p>\t\t\t\t\t\t\t\t<\/div>\n\t\t\t\t<\/div>\n\t\t\t\t<\/div>\n\t\t\t\t<\/div>\n\t\t\t\t<\/div>\n\t\t","protected":false},"excerpt":{"rendered":"<p>Tenue les 30 et 31 octobre 2023, la r\u00e9union consultative sur le projet SEALINK a rassembl\u00e9 toutes les parties prenantes du projet afin de le revitaliser et de d\u00e9finir clairement [&hellip;]<\/p>\n","protected":false},"author":1,"featured_media":446,"comment_status":"closed","ping_status":"closed","sticky":false,"template":"","format":"standard","meta":{"footnotes":""},"categories":[2],"tags":[],"class_list":["post-502","post","type-post","status-publish","format-standard","has-post-thumbnail","hentry","category-actualites","entry","has-media"],"_links":{"self":[{"href":"https:\/\/ppdu.org\/ecowasppdu\/wp-json\/wp\/v2\/posts\/502","targetHints":{"allow":["GET"]}}],"collection":[{"href":"https:\/\/ppdu.org\/ecowasppdu\/wp-json\/wp\/v2\/posts"}],"about":[{"href":"https:\/\/ppdu.org\/ecowasppdu\/wp-json\/wp\/v2\/types\/post"}],"author":[{"embeddable":true,"href":"https:\/\/ppdu.org\/ecowasppdu\/wp-json\/wp\/v2\/users\/1"}],"replies":[{"embeddable":true,"href":"https:\/\/ppdu.org\/ecowasppdu\/wp-json\/wp\/v2\/comments?post=502"}],"version-history":[{"count":4,"href":"https:\/\/ppdu.org\/ecowasppdu\/wp-json\/wp\/v2\/posts\/502\/revisions"}],"predecessor-version":[{"id":507,"href":"https:\/\/ppdu.org\/ecowasppdu\/wp-json\/wp\/v2\/posts\/502\/revisions\/507"}],"wp:featuredmedia":[{"embeddable":true,"href":"https:\/\/ppdu.org\/ecowasppdu\/wp-json\/wp\/v2\/media\/446"}],"wp:attachment":[{"href":"https:\/\/ppdu.org\/ecowasppdu\/wp-json\/wp\/v2\/media?parent=502"}],"wp:term":[{"taxonomy":"category","embeddable":true,"href":"https:\/\/ppdu.org\/ecowasppdu\/wp-json\/wp\/v2\/categories?post=502"},{"taxonomy":"post_tag","embeddable":true,"href":"https:\/\/ppdu.org\/ecowasppdu\/wp-json\/wp\/v2\/tags?post=502"}],"curies":[{"name":"wp","href":"https:\/\/api.w.org\/{rel}","templated":true}]}}