{"id":4549,"date":"2024-03-06T10:29:44","date_gmt":"2024-03-06T10:29:44","guid":{"rendered":"https:\/\/ppdu.org\/v22\/?p=1262"},"modified":"2024-03-06T10:29:44","modified_gmt":"2024-03-06T10:29:44","slug":"28-29-fevrier-2024-reunion-du-comite-des-experts-du-projet-de-cable-sous-marin-amilcar-cabral-2","status":"publish","type":"post","link":"https:\/\/ppdu.org\/ecowasppdu\/28-29-fevrier-2024-reunion-du-comite-des-experts-du-projet-de-cable-sous-marin-amilcar-cabral-2\/","title":{"rendered":"28 &#8211; 29 F\u00e9vrier 2024: R\u00e9union du Comit\u00e9 des Experts du projet de c\u00e2ble sous-marin Amilcar Cabral"},"content":{"rendered":"<p>Une r\u00e9union du comit\u00e9 des Experts du projet de c\u00e2ble sous-marin Amilcar Cabral s&rsquo;est tenue du 28 au 29 f\u00e9vrier 2024 \u00e0 Praia, Cap-Vert.<\/p>\n<p>Outre les experts des Etats concern\u00e9s par le projet (Cap-Vert, Guin\u00e9e-Bissau, Gambie, Liberia, Sierra Leone), cette r\u00e9union a connu la participation des repr\u00e9sentants  de la Commission de la CEDEAO et du PPDU, des partenaires au d\u00e9veloppement \u00e0 savoir la Banque Mondiale, la BIDC ainsi que des op\u00e9rateurs priv\u00e9s.<\/p>\n","protected":false},"excerpt":{"rendered":"<p>Une r\u00e9union du comit\u00e9 des Experts du projet de c\u00e2ble sous-marin Amilcar Cabral s&rsquo;est tenue du 28 au 29 f\u00e9vrier 2024 \u00e0 Praia, Cap-Vert. Outre les experts des Etats concern\u00e9s [&hellip;]<\/p>\n","protected":false},"author":1,"featured_media":4559,"comment_status":"open","ping_status":"open","sticky":false,"template":"","format":"standard","meta":{"footnotes":""},"categories":[18],"tags":[],"class_list":["post-4549","post","type-post","status-publish","format-standard","has-post-thumbnail","hentry","category-actualites-du-ppdu","entry","has-media"],"_links":{"self":[{"href":"https:\/\/ppdu.org\/ecowasppdu\/wp-json\/wp\/v2\/posts\/4549","targetHints":{"allow":["GET"]}}],"collection":[{"href":"https:\/\/ppdu.org\/ecowasppdu\/wp-json\/wp\/v2\/posts"}],"about":[{"href":"https:\/\/ppdu.org\/ecowasppdu\/wp-json\/wp\/v2\/types\/post"}],"author":[{"embeddable":true,"href":"https:\/\/ppdu.org\/ecowasppdu\/wp-json\/wp\/v2\/users\/1"}],"replies":[{"embeddable":true,"href":"https:\/\/ppdu.org\/ecowasppdu\/wp-json\/wp\/v2\/comments?post=4549"}],"version-history":[{"count":0,"href":"https:\/\/ppdu.org\/ecowasppdu\/wp-json\/wp\/v2\/posts\/4549\/revisions"}],"wp:featuredmedia":[{"embeddable":true,"href":"https:\/\/ppdu.org\/ecowasppdu\/wp-json\/wp\/v2\/media\/4559"}],"wp:attachment":[{"href":"https:\/\/ppdu.org\/ecowasppdu\/wp-json\/wp\/v2\/media?parent=4549"}],"wp:term":[{"taxonomy":"category","embeddable":true,"href":"https:\/\/ppdu.org\/ecowasppdu\/wp-json\/wp\/v2\/categories?post=4549"},{"taxonomy":"post_tag","embeddable":true,"href":"https:\/\/ppdu.org\/ecowasppdu\/wp-json\/wp\/v2\/tags?post=4549"}],"curies":[{"name":"wp","href":"https:\/\/api.w.org\/{rel}","templated":true}]}}