{"id":1390,"date":"2025-07-08T16:28:22","date_gmt":"2025-07-08T16:28:22","guid":{"rendered":"https:\/\/ppdu.org\/v22\/?p=1390"},"modified":"2025-07-17T21:29:24","modified_gmt":"2025-07-17T21:29:24","slug":"3-4-juillet-2025-mission-de-haut-niveau-pour-accelerer-la-mise-en-oeuvre-de-la-phase-1-de-la-ligne-ferroviaire-dakar-bamako-et-du-corridor-multimodal-praia-dakar-abidjan","status":"publish","type":"post","link":"https:\/\/ppdu.org\/ecowasppdu\/3-4-juillet-2025-mission-de-haut-niveau-pour-accelerer-la-mise-en-oeuvre-de-la-phase-1-de-la-ligne-ferroviaire-dakar-bamako-et-du-corridor-multimodal-praia-dakar-abidjan\/","title":{"rendered":"3-4 Juillet 2025: Mission de haut niveau pour acc\u00e9l\u00e9rer la mise en \u0153uvre de la phase 1 de la ligne ferroviaire Dakar -Bamako et du corridor multimodal Praia-Dakar-Abidjan"},"content":{"rendered":"<p>Une mission de la CEDEAO conduite par le Commissaire aux Infrastructures, \u00e0 l&rsquo;Energie et \u00e0 la Digitalisation<strong>, M. Sediko DOUKA<\/strong>, accompagn\u00e9 du Directeur des Transports M. Chris APPIAH et du Directeur par int\u00e9rim du PPDU M. Kebba FYE, s&rsquo;est rendue les <strong>3 et 4 juillet 2025 \u00e0 Dakar <\/strong>en R\u00e9publique du S\u00e9n\u00e9gal. L&rsquo;objectif de la mission \u00e9tait d&rsquo;entreprendre des consultations de haut niveau avec les Autorit\u00e9s s\u00e9n\u00e9galaises pour relancer le projet de la ligne de chemin de fer Dakar &#8211; Bamako avec un accent particulier sur sa phase 1 de Dakar \u00e0 Tambacounda. La mission a \u00e9galement \u00e9chang\u00e9 sur le corridor multimodal Praia-Dakar-Abidjan.<\/p>\n<p>La mission intervient \u00e0 un moment historique de la c\u00e9l\u00e9bration du <strong>Jubil\u00e9 d&rsquo;Or de la CEDEAO<\/strong>, marquant <strong>50 ans de service et de coop\u00e9ration r\u00e9gionale de cette Organisation<\/strong>. Au moment o\u00f9 la CEDEAO comm\u00e9more cet anniversaire, l&rsquo;engagement \u00e0 <strong>am\u00e9liorer la qualit\u00e9 des services d&rsquo;infrastructures, la connectivit\u00e9, la croissance \u00e9conomique et la prosp\u00e9rit\u00e9 partag\u00e9e <\/strong>pour tous les citoyens de la CEDEAO \u00e0 travers la r\u00e9gion reste plus fort que jamais.<\/p>\n<p>La Mission a rencontr\u00e9<strong> le Ministre des Infrastructures, des Transports terrestres et a\u00e9riens du S\u00e9n\u00e9gal, l&rsquo;Honorable Yankhoba DIEME<\/strong>. Au cours des \u00e9changes, le Commissaire de la CEDEAO a r\u00e9it\u00e9r\u00e9 l&rsquo;engagement in\u00e9branlable de la Commission \u00e0 aider tous les \u00c9tats membres dans la mise en \u0153uvre de projets prioritaires visant \u00e0 am\u00e9liorer la fourniture de services d&rsquo;infrastructures et \u00e0 favoriser une int\u00e9gration r\u00e9gionale profonde. Le Ministre, pour sa part, a soulign\u00e9 la priorit\u00e9 du Gouvernement du S\u00e9n\u00e9gal pour la modernisation du chemin de fer Dakar-Bamako en commen\u00e7ant par la phase 1 de Dakar \u00e0 Tambacounda. En tant que Pr\u00e9sident du Comit\u00e9 Minist\u00e9riel de Pilotage, l&rsquo;Honorable Ministre s&rsquo;est \u00e9galement engag\u00e9 \u00e0 travailler avec tous les Etats Membres du Projet pour acc\u00e9l\u00e9rer l\u2019impl\u00e9mentation du projet du Corridor Multimodal Praia-Dakar-Abidjan et soutenir la phase d&rsquo;ex\u00e9cution de la liaison maritime Praia-Dakar, dont les pr\u00e9sidents du S\u00e9n\u00e9gal et du Cabo Verde ont fait une priorit\u00e9. <strong>La CEDEAO et le Gouvernement du S\u00e9n\u00e9gal ont convenu de s&rsquo;engager dans une campagne vigoureuse de mobilisation des ressources afin d&rsquo;assurer le financement n\u00e9cessaire \u00e0 la mise en \u0153uvre compl\u00e8te de ces deux projets phares.<\/strong><\/p>\n<p>La D\u00e9l\u00e9gation de la CEDEAO a \u00e9galement rendu une visite de courtoisie au Bureau national de la CEDEAO du S\u00e9n\u00e9gal au cours de laquelle des discussions ont \u00e9t\u00e9 men\u00e9es pour am\u00e9liorer la visibilit\u00e9 des activit\u00e9s de la CEDEAO. Aussi, la mission a rencontr\u00e9 le Bureau r\u00e9gional de la Banque Islamique de D\u00e9veloppement (BID) \u00e0 Dakar ou des \u00e9changes fructueux ont eu lieu sur les r\u00e8gles et proc\u00e9dures de cette Banque pour financer les projets r\u00e9gionaux ainsi que l\u2019int\u00e9r\u00eat de cette derni\u00e8re dans les deux projets mentionn\u00e9s.\u00a0 Des visites similaires ont \u00e9t\u00e9 effectu\u00e9es aupr\u00e8s des Chemins de Fer du S\u00e9n\u00e9gal (CFS) et au Grand Train du S\u00e9n\u00e9gal (GTS) afin de mener des discussions techniques sur les projets ferroviaires existants et pr\u00e9vus au S\u00e9n\u00e9gal.<\/p>\n<p>La D\u00e9l\u00e9gation de la CEDEAO exprime sa gratitude au <strong>Gouvernement et au Peuple s\u00e9n\u00e9galais <\/strong>pour leur accueil chaleureux et leur engagement en faveur de la coop\u00e9ration r\u00e9gionale. Cette collaboration souligne l&rsquo;attachement du S\u00e9n\u00e9gal aux principes d&rsquo;int\u00e9gration r\u00e9gionale, de solidarit\u00e9 et de prosp\u00e9rit\u00e9 partag\u00e9e.<\/p>\n","protected":false},"excerpt":{"rendered":"<p>Une mission de la CEDEAO conduite par le Commissaire aux Infrastructures, \u00e0 l&rsquo;Energie et \u00e0 la Digitalisation, M. Sediko DOUKA, accompagn\u00e9 du Directeur des Transports M. Chris APPIAH et du [&hellip;]<\/p>\n","protected":false},"author":1,"featured_media":4569,"comment_status":"closed","ping_status":"closed","sticky":false,"template":"","format":"standard","meta":{"footnotes":""},"categories":[18],"tags":[],"class_list":["post-1390","post","type-post","status-publish","format-standard","has-post-thumbnail","hentry","category-actualites-du-ppdu","entry","has-media"],"_links":{"self":[{"href":"https:\/\/ppdu.org\/ecowasppdu\/wp-json\/wp\/v2\/posts\/1390","targetHints":{"allow":["GET"]}}],"collection":[{"href":"https:\/\/ppdu.org\/ecowasppdu\/wp-json\/wp\/v2\/posts"}],"about":[{"href":"https:\/\/ppdu.org\/ecowasppdu\/wp-json\/wp\/v2\/types\/post"}],"author":[{"embeddable":true,"href":"https:\/\/ppdu.org\/ecowasppdu\/wp-json\/wp\/v2\/users\/1"}],"replies":[{"embeddable":true,"href":"https:\/\/ppdu.org\/ecowasppdu\/wp-json\/wp\/v2\/comments?post=1390"}],"version-history":[{"count":1,"href":"https:\/\/ppdu.org\/ecowasppdu\/wp-json\/wp\/v2\/posts\/1390\/revisions"}],"predecessor-version":[{"id":4583,"href":"https:\/\/ppdu.org\/ecowasppdu\/wp-json\/wp\/v2\/posts\/1390\/revisions\/4583"}],"wp:featuredmedia":[{"embeddable":true,"href":"https:\/\/ppdu.org\/ecowasppdu\/wp-json\/wp\/v2\/media\/4569"}],"wp:attachment":[{"href":"https:\/\/ppdu.org\/ecowasppdu\/wp-json\/wp\/v2\/media?parent=1390"}],"wp:term":[{"taxonomy":"category","embeddable":true,"href":"https:\/\/ppdu.org\/ecowasppdu\/wp-json\/wp\/v2\/categories?post=1390"},{"taxonomy":"post_tag","embeddable":true,"href":"https:\/\/ppdu.org\/ecowasppdu\/wp-json\/wp\/v2\/tags?post=1390"}],"curies":[{"name":"wp","href":"https:\/\/api.w.org\/{rel}","templated":true}]}}