{"id":1366,"date":"2025-04-14T10:07:03","date_gmt":"2025-04-14T10:07:03","guid":{"rendered":"https:\/\/ppdu.org\/v22\/?p=1366"},"modified":"2025-07-17T21:38:37","modified_gmt":"2025-07-17T21:38:37","slug":"03-04-avril-2025-don-de-50-000-usd-de-la-cedeao-au-gouvernement-du-cap-vert-pour-lelaboration-de-son-plan-directeur-des-infrastructures-2025-2040","status":"publish","type":"post","link":"https:\/\/ppdu.org\/ecowasppdu\/03-04-avril-2025-don-de-50-000-usd-de-la-cedeao-au-gouvernement-du-cap-vert-pour-lelaboration-de-son-plan-directeur-des-infrastructures-2025-2040\/","title":{"rendered":"03-04 Avril 2025: Don de 50.000 dollars US de la CEDEAO au Gouvernement du Cap-Vert pour l&rsquo;\u00e9laboration de son plan directeur des infrastructures 2025-2040"},"content":{"rendered":"<div class=\"x_elementToProof\" data-olk-copy-source=\"MessageBody\">Le 3 avril 2025\u00a0\u00e0\u00a0Praia au Cap-Vert, une mission <span class=\"markynzcuwnr3\" data-markjs=\"true\" data-ogac=\"\" data-ogab=\"\" data-ogsc=\"\" data-ogsb=\"\">de<\/span> la CEDEAO conduite par le Commissaire aux Infrastructures, \u00e0 l&rsquo;Energie et \u00e0 la Num\u00e9risation, <b>M. Sediko DOUKA,<\/b> accompagn\u00e9 du Repr\u00e9sentant\u00a0r\u00e9sident <span class=\"markynzcuwnr3\" data-markjs=\"true\" data-ogac=\"\" data-ogab=\"\" data-ogsc=\"\" data-ogsb=\"\">de<\/span> la CEDEAO au Cap Vert et du Directeur et Charg\u00e9 <span class=\"markynzcuwnr3\" data-markjs=\"true\" data-ogac=\"\" data-ogab=\"\" data-ogsc=\"\" data-ogsb=\"\">de<\/span> Programme par int\u00e9rim, <span class=\"markynzcuwnr3\" data-markjs=\"true\" data-ogac=\"\" data-ogab=\"\" data-ogsc=\"\" data-ogsb=\"\">de<\/span> l&rsquo;Unit\u00e9 <span class=\"markynzcuwnr3\" data-markjs=\"true\" data-ogac=\"\" data-ogab=\"\" data-ogsc=\"\" data-ogsb=\"\">de<\/span> pr\u00e9paration et <span class=\"markynzcuwnr3\" data-markjs=\"true\" data-ogac=\"\" data-ogab=\"\" data-ogsc=\"\" data-ogsb=\"\">de<\/span> d\u00e9veloppement <span class=\"markynzcuwnr3\" data-markjs=\"true\" data-ogac=\"\" data-ogab=\"\" data-ogsc=\"\" data-ogsb=\"\">de<\/span> projets (PPDU), a rendu visite au Ministre <span class=\"markynzcuwnr3\" data-markjs=\"true\" data-ogac=\"\" data-ogab=\"\" data-ogsc=\"\" data-ogsb=\"\">de<\/span>s Infrastructures, <span class=\"markynzcuwnr3\" data-markjs=\"true\" data-ogac=\"\" data-ogab=\"\" data-ogsc=\"\" data-ogsb=\"\">de<\/span> l&rsquo;Am\u00e9nagement du Territoire et <span class=\"markynzcuwnr3\" data-markjs=\"true\" data-ogac=\"\" data-ogab=\"\" data-ogsc=\"\" data-ogsb=\"\">de<\/span> l&rsquo;Habitat du Cap Vert.<\/div>\n<div class=\"x_elementToProof\" aria-hidden=\"true\"><\/div>\n<div class=\"x_elementToProof\">A l&rsquo;ordre du jour figurait une r\u00e9union concernant l&rsquo;appui <span class=\"markynzcuwnr3\" data-markjs=\"true\" data-ogac=\"\" data-ogab=\"\" data-ogsc=\"\" data-ogsb=\"\">de<\/span> la CEDEAO au d\u00e9veloppement du sch\u00e9ma directeur <span class=\"markynzcuwnr3\" data-markjs=\"true\" data-ogac=\"\" data-ogab=\"\" data-ogsc=\"\" data-ogsb=\"\">de<\/span>s infrastructures 2025-2040. Le soutien du Cap-Vert \u00e0 cette initiative transformatrice est double :<\/div>\n<div class=\"x_elementToProof\" aria-hidden=\"true\"><\/div>\n<div class=\"x_elementToProof\">1.\u00a0\u00a0\u00a0\u00a0\u00a0\u00a0\u00a0\u00a0\u00a0\u00a0 <b>Soutien financier<\/b>\u00a0: une subvention <span class=\"markynzcuwnr3\" data-markjs=\"true\" data-ogac=\"\" data-ogab=\"\" data-ogsc=\"\" data-ogsb=\"\">de<\/span> <span class=\"markc2kosjgcz\" data-markjs=\"true\" data-ogac=\"\" data-ogab=\"\" data-ogsc=\"\" data-ogsb=\"\">50 000<\/span> USD pour soutenir la formulation du plan national d&rsquo;infrastructure.<\/div>\n<div class=\"x_elementToProof\">2.\u00a0\u00a0\u00a0\u00a0\u00a0\u00a0\u00a0\u00a0\u00a0\u00a0 <b>Assistance technique <span class=\"markynzcuwnr3\" data-markjs=\"true\" data-ogac=\"\" data-ogab=\"\" data-ogsc=\"\" data-ogsb=\"\">de<\/span> l&rsquo;Unit\u00e9 <span class=\"markynzcuwnr3\" data-markjs=\"true\" data-ogac=\"\" data-ogab=\"\" data-ogsc=\"\" data-ogsb=\"\">de<\/span> pr\u00e9paration et <span class=\"markynzcuwnr3\" data-markjs=\"true\" data-ogac=\"\" data-ogab=\"\" data-ogsc=\"\" data-ogsb=\"\">de<\/span> d\u00e9veloppement <span class=\"markynzcuwnr3\" data-markjs=\"true\" data-ogac=\"\" data-ogab=\"\" data-ogsc=\"\" data-ogsb=\"\">de<\/span> projets (PPDU)<\/b> <span class=\"markynzcuwnr3\" data-markjs=\"true\" data-ogac=\"\" data-ogab=\"\" data-ogsc=\"\" data-ogsb=\"\">de<\/span> la CEDEAO pour fournir une orientation strat\u00e9gique dans la planification, l&rsquo;examen technique et la mise en \u0153uvre du plan directeur.<\/div>\n<div class=\"x_elementToProof\" aria-hidden=\"true\"><\/div>\n<div class=\"x_elementToProof\">A l&rsquo;occasion du lancement officiel du soutien <span class=\"markynzcuwnr3\" data-markjs=\"true\" data-ogac=\"\" data-ogab=\"\" data-ogsc=\"\" data-ogsb=\"\">de<\/span> la CEDEAO et <span class=\"markynzcuwnr3\" data-markjs=\"true\" data-ogac=\"\" data-ogab=\"\" data-ogsc=\"\" data-ogsb=\"\">de<\/span> la pr\u00e9sentation d&rsquo;un ch\u00e8que symbolique pour soutenir l&rsquo;initiative, le Commissaire, au nom du Pr\u00e9sident <span class=\"markynzcuwnr3\" data-markjs=\"true\" data-ogac=\"\" data-ogab=\"\" data-ogsc=\"\" data-ogsb=\"\">de<\/span> la Commission <span class=\"markynzcuwnr3\" data-markjs=\"true\" data-ogac=\"\" data-ogab=\"\" data-ogsc=\"\" data-ogsb=\"\">de<\/span> la CEDEAO, Son Excellence <b>Dr Omar Alieu Touray<\/b>, a exprim\u00e9 sa gratitude au gouvernement du Cap-Vert, en particulier \u00e0 Son Excellence <b>Jos\u00e9 Maria Neves<\/b>, pour l&rsquo;invitation \u00e0 participer au d\u00e9veloppement du Plan national d&rsquo;infrastructure du Cap-Vert. Il a r\u00e9affirm\u00e9 l&rsquo;engagement ind\u00e9fectible <span class=\"markynzcuwnr3\" data-markjs=\"true\" data-ogac=\"\" data-ogab=\"\" data-ogsc=\"\" data-ogsb=\"\">de<\/span> la Commission \u00e0 aider tous les \u00c9tats membres \u00e0 mettre en place <span class=\"markynzcuwnr3\" data-markjs=\"true\" data-ogac=\"\" data-ogab=\"\" data-ogsc=\"\" data-ogsb=\"\">de<\/span>s politiques et <span class=\"markynzcuwnr3\" data-markjs=\"true\" data-ogac=\"\" data-ogab=\"\" data-ogsc=\"\" data-ogsb=\"\">de<\/span>s cadres r\u00e9glementaires solides afin d&rsquo;am\u00e9liorer la fourniture <span class=\"markynzcuwnr3\" data-markjs=\"true\" data-ogac=\"\" data-ogab=\"\" data-ogsc=\"\" data-ogsb=\"\">de<\/span> services d&rsquo;infrastructure.<\/div>\n<div class=\"x_elementToProof\" aria-hidden=\"true\"><\/div>\n<div class=\"x_elementToProof\">Cette initiative <span class=\"markynzcuwnr3\" data-markjs=\"true\" data-ogac=\"\" data-ogab=\"\" data-ogsc=\"\" data-ogsb=\"\">de<\/span> d\u00e9veloppement du plan directeur arrive \u00e0 un moment historique, quelques semaines avant l&rsquo;anniversaire <span class=\"markynzcuwnr3\" data-markjs=\"true\" data-ogac=\"\" data-ogab=\"\" data-ogsc=\"\" data-ogsb=\"\">de<\/span> la CEDEAO, qui marque <b>50 ans <span class=\"markynzcuwnr3\" data-markjs=\"true\" data-ogac=\"\" data-ogab=\"\" data-ogsc=\"\" data-ogsb=\"\">de<\/span> service et <span class=\"markynzcuwnr3\" data-markjs=\"true\" data-ogac=\"\" data-ogab=\"\" data-ogsc=\"\" data-ogsb=\"\">de<\/span> coop\u00e9ration r\u00e9gionale<\/b>. Alors que la CEDEAO c\u00e9l\u00e8bre cet anniversaire important, l&rsquo;engagement d&rsquo;am\u00e9liorer la qualit\u00e9 <span class=\"markynzcuwnr3\" data-markjs=\"true\" data-ogac=\"\" data-ogab=\"\" data-ogsc=\"\" data-ogsb=\"\">de<\/span>s services d&rsquo;infrastructure, la connectivit\u00e9, la croissance \u00e9conomique et la prosp\u00e9rit\u00e9 partag\u00e9e pour tous les citoyens <span class=\"markynzcuwnr3\" data-markjs=\"true\" data-ogac=\"\" data-ogab=\"\" data-ogsc=\"\" data-ogsb=\"\">de<\/span> la r\u00e9gion reste plus fort que jamais.<\/div>\n<div class=\"x_elementToProof\" aria-hidden=\"true\"><\/div>\n<div class=\"x_elementToProof\">Pour sa part, le ministre <span class=\"markynzcuwnr3\" data-markjs=\"true\" data-ogac=\"\" data-ogab=\"\" data-ogsc=\"\" data-ogsb=\"\">de<\/span>s Infrastructures, <span class=\"markynzcuwnr3\" data-markjs=\"true\" data-ogac=\"\" data-ogab=\"\" data-ogsc=\"\" data-ogsb=\"\">de<\/span> l&rsquo;Am\u00e9nagement du territoire et du Logement, Victor Coutinho, a remerci\u00e9 la Commission <span class=\"markynzcuwnr3\" data-markjs=\"true\" data-ogac=\"\" data-ogab=\"\" data-ogsc=\"\" data-ogsb=\"\">de<\/span> la CEDEAO pour son soutien. Il a r\u00e9it\u00e9r\u00e9 que ce Plan directeur national <span class=\"markynzcuwnr3\" data-markjs=\"true\" data-ogac=\"\" data-ogab=\"\" data-ogsc=\"\" data-ogsb=\"\">de<\/span>s infrastructures 2025-2024 fournira un cadre global couvrant tous les secteurs <span class=\"markynzcuwnr3\" data-markjs=\"true\" data-ogac=\"\" data-ogab=\"\" data-ogsc=\"\" data-ogsb=\"\">de<\/span> l&rsquo;infrastructure \u00e9conomique et sociale pour stimuler le d\u00e9veloppement \u00e9conomique, la croissance et l&rsquo;int\u00e9gration r\u00e9gionale du Cap-Vert. Les d\u00e9clarations ont \u00e9t\u00e9 suivies par la remise symbolique d&rsquo;un ch\u00e8que <span class=\"markynzcuwnr3\" data-markjs=\"true\" data-ogac=\"\" data-ogab=\"\" data-ogsc=\"\" data-ogsb=\"\">de<\/span> <span class=\"markc2kosjgcz\" data-markjs=\"true\" data-ogac=\"\" data-ogab=\"\" data-ogsc=\"\" data-ogsb=\"\">50.000<\/span> USD.<\/div>\n<div class=\"x_elementToProof\" aria-hidden=\"true\"><\/div>\n<div class=\"x_elementToProof\">Apr\u00e8s la c\u00e9r\u00e9monie officielle, l&rsquo;\u00e9quipe du PPDU a tenu <span class=\"markynzcuwnr3\" data-markjs=\"true\" data-ogac=\"\" data-ogab=\"\" data-ogsc=\"\" data-ogsb=\"\">de<\/span>s s\u00e9ances <span class=\"markynzcuwnr3\" data-markjs=\"true\" data-ogac=\"\" data-ogab=\"\" data-ogsc=\"\" data-ogsb=\"\">de<\/span> travail techniques avec l&rsquo;\u00e9quipe <span class=\"markynzcuwnr3\" data-markjs=\"true\" data-ogac=\"\" data-ogab=\"\" data-ogsc=\"\" data-ogsb=\"\">de<\/span> Cape Verde Infrastructure (ICV), dans le but d&rsquo;\u00e9laborer une feuille <span class=\"markynzcuwnr3\" data-markjs=\"true\" data-ogac=\"\" data-ogab=\"\" data-ogsc=\"\" data-ogsb=\"\">de<\/span> route claire pour les prochaines \u00e9tapes.<\/div>\n<div class=\"x_elementToProof\" aria-hidden=\"true\"><\/div>\n<div class=\"x_elementToProof\" aria-hidden=\"true\"><\/div>\n<div class=\"x_elementToProof\">La d\u00e9l\u00e9gation <span class=\"markynzcuwnr3\" data-markjs=\"true\" data-ogac=\"\" data-ogab=\"\" data-ogsc=\"\" data-ogsb=\"\">de<\/span> la CEDEAO a \u00e9galement rendu une visite <span class=\"markynzcuwnr3\" data-markjs=\"true\" data-ogac=\"\" data-ogab=\"\" data-ogsc=\"\" data-ogsb=\"\">de<\/span> courtoisie au Ministre <span class=\"markynzcuwnr3\" data-markjs=\"true\" data-ogac=\"\" data-ogab=\"\" data-ogsc=\"\" data-ogsb=\"\">de<\/span>s Affaires \u00e9trang\u00e8res, <span class=\"markynzcuwnr3\" data-markjs=\"true\" data-ogac=\"\" data-ogab=\"\" data-ogsc=\"\" data-ogsb=\"\">de<\/span> la Coop\u00e9ration et <span class=\"markynzcuwnr3\" data-markjs=\"true\" data-ogac=\"\" data-ogab=\"\" data-ogsc=\"\" data-ogsb=\"\">de<\/span> l&rsquo;Int\u00e9gration r\u00e9gionale, Son Excellence Jos\u00e9 Filomeno Monteiro, et a profit\u00e9 <span class=\"markynzcuwnr3\" data-markjs=\"true\" data-ogac=\"\" data-ogab=\"\" data-ogsc=\"\" data-ogsb=\"\">de<\/span> la mission pour rencontrer le Secr\u00e9taire d&rsquo;Etat \u00e0 l&rsquo;Economie num\u00e9rique, Dr Pedro Lopes, afin <span class=\"markynzcuwnr3\" data-markjs=\"true\" data-ogac=\"\" data-ogab=\"\" data-ogsc=\"\" data-ogsb=\"\">de<\/span> discuter du Projet <span class=\"markynzcuwnr3\" data-markjs=\"true\" data-ogac=\"\" data-ogab=\"\" data-ogsc=\"\" data-ogsb=\"\">de<\/span> t\u00e9l\u00e9communications par c\u00e2ble sous-marin Am\u00edlcar Cabral. La question <span class=\"markynzcuwnr3\" data-markjs=\"true\" data-ogac=\"\" data-ogab=\"\" data-ogsc=\"\" data-ogsb=\"\">de<\/span> la participation financi\u00e8re du Cap-Vert dans le projet, l&rsquo;\u00e9tablissement d&rsquo;une entit\u00e9 nationale ad hoc (SPV), la finalisation <span class=\"markynzcuwnr3\" data-markjs=\"true\" data-ogac=\"\" data-ogab=\"\" data-ogsc=\"\" data-ogsb=\"\">de<\/span> l&rsquo;accord <span class=\"markynzcuwnr3\" data-markjs=\"true\" data-ogac=\"\" data-ogab=\"\" data-ogsc=\"\" data-ogsb=\"\">de<\/span> si\u00e8ge <span class=\"markynzcuwnr3\" data-markjs=\"true\" data-ogac=\"\" data-ogab=\"\" data-ogsc=\"\" data-ogsb=\"\">de<\/span> la repr\u00e9sentation <span class=\"markynzcuwnr3\" data-markjs=\"true\" data-ogac=\"\" data-ogab=\"\" data-ogsc=\"\" data-ogsb=\"\">de<\/span> la CEDEAO, ainsi que l&rsquo;op\u00e9rationnalisation du Bureau national d&rsquo;alerte pr\u00e9coce ont \u00e9t\u00e9 parmi les sujets discut\u00e9s avec les <span class=\"markynzcuwnr3\" data-markjs=\"true\" data-ogac=\"\" data-ogab=\"\" data-ogsc=\"\" data-ogsb=\"\">de<\/span>ux ministres. La cellule nationale <span class=\"markynzcuwnr3\" data-markjs=\"true\" data-ogac=\"\" data-ogab=\"\" data-ogsc=\"\" data-ogsb=\"\">de<\/span> la CEDEAO au Cap-Vert a \u00e9galement pris part \u00e0 toutes les r\u00e9unions.<\/div>\n<div class=\"x_elementToProof\" aria-hidden=\"true\"><\/div>\n<div class=\"x_elementToProof\">La d\u00e9l\u00e9gation <span class=\"markynzcuwnr3\" data-markjs=\"true\" data-ogac=\"\" data-ogab=\"\" data-ogsc=\"\" data-ogsb=\"\">de<\/span> la CEDEAO exprime son appr\u00e9ciation au gouvernement et au peuple du Cap-Vert pour leur accueil chaleureux et leur engagement en faveur <span class=\"markynzcuwnr3\" data-markjs=\"true\" data-ogac=\"\" data-ogab=\"\" data-ogsc=\"\" data-ogsb=\"\">de<\/span> la coop\u00e9ration r\u00e9gionale. Cette collaboration souligne l&rsquo;attachement du Cap-Vert aux principes d&rsquo;int\u00e9gration r\u00e9gionale, <span class=\"markynzcuwnr3\" data-markjs=\"true\" data-ogac=\"\" data-ogab=\"\" data-ogsc=\"\" data-ogsb=\"\">de<\/span> solidarit\u00e9 et <span class=\"markynzcuwnr3\" data-markjs=\"true\" data-ogac=\"\" data-ogab=\"\" data-ogsc=\"\" data-ogsb=\"\">de<\/span> prosp\u00e9rit\u00e9 partag\u00e9e.<\/div>\n<div class=\"x_elementToProof\" aria-hidden=\"true\"><\/div>\n<div class=\"x_elementToProof\">Alors que la CEDEAO entame les 50 prochaines ann\u00e9es, la Commission reste fid\u00e8le \u00e0 sa vision d&rsquo;accro\u00eetre la connectivit\u00e9, <span class=\"markynzcuwnr3\" data-markjs=\"true\" data-ogac=\"\" data-ogab=\"\" data-ogsc=\"\" data-ogsb=\"\">de<\/span> stimuler la croissance \u00e9conomique et d&rsquo;am\u00e9liorer les services d&rsquo;infrastructure pour tous les citoyens.<\/div>\n","protected":false},"excerpt":{"rendered":"<p>Le 3 avril 2025\u00a0\u00e0\u00a0Praia au Cap-Vert, une mission de la CEDEAO conduite par le Commissaire aux Infrastructures, \u00e0 l&rsquo;Energie et \u00e0 la Num\u00e9risation, M. Sediko DOUKA, accompagn\u00e9 du Repr\u00e9sentant\u00a0r\u00e9sident de [&hellip;]<\/p>\n","protected":false},"author":1,"featured_media":4576,"comment_status":"closed","ping_status":"closed","sticky":false,"template":"","format":"standard","meta":{"footnotes":""},"categories":[18],"tags":[],"class_list":["post-1366","post","type-post","status-publish","format-standard","has-post-thumbnail","hentry","category-actualites-du-ppdu","entry","has-media"],"_links":{"self":[{"href":"https:\/\/ppdu.org\/ecowasppdu\/wp-json\/wp\/v2\/posts\/1366","targetHints":{"allow":["GET"]}}],"collection":[{"href":"https:\/\/ppdu.org\/ecowasppdu\/wp-json\/wp\/v2\/posts"}],"about":[{"href":"https:\/\/ppdu.org\/ecowasppdu\/wp-json\/wp\/v2\/types\/post"}],"author":[{"embeddable":true,"href":"https:\/\/ppdu.org\/ecowasppdu\/wp-json\/wp\/v2\/users\/1"}],"replies":[{"embeddable":true,"href":"https:\/\/ppdu.org\/ecowasppdu\/wp-json\/wp\/v2\/comments?post=1366"}],"version-history":[{"count":1,"href":"https:\/\/ppdu.org\/ecowasppdu\/wp-json\/wp\/v2\/posts\/1366\/revisions"}],"predecessor-version":[{"id":4588,"href":"https:\/\/ppdu.org\/ecowasppdu\/wp-json\/wp\/v2\/posts\/1366\/revisions\/4588"}],"wp:featuredmedia":[{"embeddable":true,"href":"https:\/\/ppdu.org\/ecowasppdu\/wp-json\/wp\/v2\/media\/4576"}],"wp:attachment":[{"href":"https:\/\/ppdu.org\/ecowasppdu\/wp-json\/wp\/v2\/media?parent=1366"}],"wp:term":[{"taxonomy":"category","embeddable":true,"href":"https:\/\/ppdu.org\/ecowasppdu\/wp-json\/wp\/v2\/categories?post=1366"},{"taxonomy":"post_tag","embeddable":true,"href":"https:\/\/ppdu.org\/ecowasppdu\/wp-json\/wp\/v2\/tags?post=1366"}],"curies":[{"name":"wp","href":"https:\/\/api.w.org\/{rel}","templated":true}]}}